{"id":17772,"date":"2019-01-31T14:00:01","date_gmt":"2019-01-31T12:00:01","guid":{"rendered":"https:\/\/www.kaspersky.es\/blog\/?p=17772"},"modified":"2019-11-22T10:57:12","modified_gmt":"2019-11-22T08:57:12","slug":"hablando-del-sas-2019-con-vicente-diaz","status":"publish","type":"post","link":"https:\/\/www.kaspersky.es\/blog\/hablando-del-sas-2019-con-vicente-diaz\/17772\/","title":{"rendered":"Hablando del SAS 2019 con Vicente D\u00edaz"},"content":{"rendered":"<p style=\"text-align: left\">El <a href=\"https:\/\/sas.kaspersky.com\/?utm_source=kdaily&amp;utm_medium=blog&amp;utm_campaign=es_sas_as0071_organic&amp;utm_content=link&amp;utm_term=es_kdaily_organic_as0071_link_blog_sas\" target=\"_blank\" rel=\"noopener noreferrer nofollow\">Security Analyst Summit<\/a> (SAS) es el evento de seguridad que organiza Kaspersky Lab y que cada a\u00f1o re\u00fane a los mayores expertos en ciberseguridad del mundo. Su llegada se acerca, as\u00ed que hemos decidido charlar con nuestro experto en Espa\u00f1a, <a href=\"https:\/\/twitter.com\/trompi?lang=es\" target=\"_blank\" rel=\"noopener nofollow\">Vicente D\u00edaz<\/a>, que ha asistido a muchas ediciones para que nos cuente cu\u00e1les son sus impresiones acerca del SAS.<\/p>\n<p><strong>Vicente, \u00bfpor qu\u00e9 crees que alguien en Espa\u00f1a deber\u00eda asistir al SAS?<\/strong><\/p>\n<p style=\"text-align: left\">Porque es la mejor conferencia de seguridad, al menos bajo mi punto de vista, a la que he asistido. No s\u00f3lo ha sido el lugar donde se han anunciado campa\u00f1as como Equation, <a href=\"https:\/\/www.youtube.com\/watch?v=wUU8bAVgx80\" target=\"_blank\" rel=\"noopener nofollow\">Carbanak<\/a> o\u00a0Careto, sino que cada a\u00f1o hay decenas de charlas igualmente interesantes que abarcan m\u00faltiples aspectos relacionados con seguridad.<\/p>\n<p>Realmente el esp\u00edritu del evento es totalmente \u00fanico. Profundo en cuanto a contenido y distendido en cuanto a la forma, lo que hace que despu\u00e9s de las charlas te encuentres entre algunos de los mejores expertos de seguridad a nivel mundial tomando algo y teniendo conversaciones \u00fanicas.<\/p>\n<p><strong>\u00bfCu\u00e1l es el perfil del asistente al SAS?<\/strong><\/p>\n<p style=\"text-align: left\">Muy variado, el \u00fanico nexo de uni\u00f3n es el inter\u00e9s por seguridad. En mis a\u00f1os de asistencia he podido hablar desde CEOs hasta expertos s\u00faper t\u00e9cnicos. Sin duda un grupo variopinto pero siempre extremadamente\u00a0interesante.<\/p>\n<p><strong>\u00bfQu\u00e9 investigaci\u00f3n\/descubrimiento del SAS recuerdas o te pareci\u00f3 m\u00e1s importante?<\/strong><\/p>\n<p style=\"text-align: left\">Sin duda el que m\u00e1s me impact\u00f3 fue el de <a href=\"https:\/\/securelist.com\/equation-the-death-star-of-malware-galaxy\/68750\/?utm_source=kdaily&amp;utm_medium=blog&amp;utm_campaign=es_sas_as0071_organic&amp;utm_content=link&amp;utm_term=es_kdaily_organic_as0071_link_blog_sas\" target=\"_blank\" rel=\"noopener\">Equation<\/a>. Yo creo que no era para menos, dada la importancia del descubrimiento. Son eventos que dif\u00edcilmente se repiten la verdad, tienes la sensaci\u00f3n de estar viviendo algo \u00fanico.<\/p>\n<p><strong>\u00bfQu\u00e9 esperas del SAS de este a\u00f1o?<\/strong><\/p>\n<p>Esta es una de esas ocasiones en que decir \u201cm\u00e1s de lo mismo\u201d es una garant\u00eda de vivir algo \u00fanico. La mayor novedad es que se celebra en Singapur, una de mis\u00a0ciudades favoritas que yo creo que representa muy bien el esp\u00edritu del SAS.<\/p>\n<p>Sin duda muchas historias y charlas interesantes, volver a ver a viejos amigos y conocer nuevos, descubrir muchas cosas nuevas y llevarme recuerdos hasta el pr\u00f3ximo SAS \ud83d\ude42<\/p>\n<blockquote class=\"twitter-tweet\" data-width=\"500\" data-dnt=\"true\">\n<p lang=\"es\" dir=\"ltr\">Se acerca <a href=\"https:\/\/twitter.com\/hashtag\/TheSAS2019?src=hash&amp;ref_src=twsrc%5Etfw\" target=\"_blank\" rel=\"noopener nofollow\">#TheSAS2019<\/a> y ya tenemos agenda y lista de speakers confirmados (entre ellos <a href=\"https:\/\/twitter.com\/trompi?ref_src=twsrc%5Etfw\" target=\"_blank\" rel=\"noopener nofollow\">@trompi<\/a>) al que hemos entrevistado en el blog. \u00a1No te lo pierdas! \u27a1\ufe0f <a href=\"https:\/\/t.co\/GMu0cxpczK\" target=\"_blank\" rel=\"noopener nofollow\">https:\/\/t.co\/GMu0cxpczK<\/a> <a href=\"https:\/\/t.co\/L2L1z9tkYN\" target=\"_blank\" rel=\"noopener nofollow\">pic.twitter.com\/L2L1z9tkYN<\/a><\/p>\n<p>\u2014 Kaspersky Espa\u00f1a (@KasperskyES) <a href=\"https:\/\/twitter.com\/KasperskyES\/status\/1092791603423514624?ref_src=twsrc%5Etfw\" target=\"_blank\" rel=\"noopener nofollow\">February 5, 2019<\/a><\/p><\/blockquote>\n<p><script async src=\"https:\/\/platform.twitter.com\/widgets.js\" charset=\"utf-8\"><\/script><\/p>\n<p>El <a href=\"https:\/\/sas.kaspersky.com\/?utm_source=kdaily&amp;utm_medium=blog&amp;utm_campaign=es_sas_as0071_organic&amp;utm_content=link&amp;utm_term=es_kdaily_organic_as0071_link_blog_sas\" target=\"_blank\" rel=\"noopener nofollow\">Security Analyst Summit<\/a> se celebrar\u00e1 este a\u00f1o en Singapur a partir del 8 de abril. Si no puedes asistir, recuerda que puedes estar al d\u00eda de todas las noticias y actualizaciones que nos dejar\u00e1 el SAS siguiendo el hashtag <a href=\"https:\/\/twitter.com\/search?q=%23sas2019&amp;src=typd\" target=\"_blank\" rel=\"noopener nofollow\">#TheSAS2019<\/a> y a <a href=\"https:\/\/twitter.com\/KasperskyES\" target=\"_blank\" rel=\"noopener nofollow\">@KasperskyES<\/a>.<\/p>\n<p>\u00a0<\/p>\n","protected":false},"excerpt":{"rendered":"<p>El Security Analyst Summit (SAS) es el evento de seguridad que organiza Kaspersky Lab y que cada a\u00f1o re\u00fane a los mayores expertos en ciberseguridad del mundo. Hablamos con Vicente D\u00edaz sobre sus impresiones.<\/p>\n","protected":false},"author":26,"featured_media":17773,"comment_status":"closed","ping_status":"open","sticky":false,"template":"","format":"standard","meta":{"_acf_changed":false,"footnotes":""},"categories":[6],"tags":[674,2848,2843],"class_list":{"0":"post-17772","1":"post","2":"type-post","3":"status-publish","4":"format-standard","5":"has-post-thumbnail","7":"category-news","8":"tag-sas","9":"tag-sas2019","10":"tag-thesas2019"},"hreflang":[{"hreflang":"es","url":"https:\/\/www.kaspersky.es\/blog\/hablando-del-sas-2019-con-vicente-diaz\/17772\/"}],"acf":[],"banners":"","maintag":{"url":"https:\/\/www.kaspersky.es\/blog\/tag\/sas2019\/","name":"SAS2019"},"_links":{"self":[{"href":"https:\/\/www.kaspersky.es\/blog\/wp-json\/wp\/v2\/posts\/17772","targetHints":{"allow":["GET"]}}],"collection":[{"href":"https:\/\/www.kaspersky.es\/blog\/wp-json\/wp\/v2\/posts"}],"about":[{"href":"https:\/\/www.kaspersky.es\/blog\/wp-json\/wp\/v2\/types\/post"}],"author":[{"embeddable":true,"href":"https:\/\/www.kaspersky.es\/blog\/wp-json\/wp\/v2\/users\/26"}],"replies":[{"embeddable":true,"href":"https:\/\/www.kaspersky.es\/blog\/wp-json\/wp\/v2\/comments?post=17772"}],"version-history":[{"count":11,"href":"https:\/\/www.kaspersky.es\/blog\/wp-json\/wp\/v2\/posts\/17772\/revisions"}],"predecessor-version":[{"id":19871,"href":"https:\/\/www.kaspersky.es\/blog\/wp-json\/wp\/v2\/posts\/17772\/revisions\/19871"}],"wp:featuredmedia":[{"embeddable":true,"href":"https:\/\/www.kaspersky.es\/blog\/wp-json\/wp\/v2\/media\/17773"}],"wp:attachment":[{"href":"https:\/\/www.kaspersky.es\/blog\/wp-json\/wp\/v2\/media?parent=17772"}],"wp:term":[{"taxonomy":"category","embeddable":true,"href":"https:\/\/www.kaspersky.es\/blog\/wp-json\/wp\/v2\/categories?post=17772"},{"taxonomy":"post_tag","embeddable":true,"href":"https:\/\/www.kaspersky.es\/blog\/wp-json\/wp\/v2\/tags?post=17772"}],"curies":[{"name":"wp","href":"https:\/\/api.w.org\/{rel}","templated":true}]}}