{"id":26609,"date":"2021-12-23T17:30:03","date_gmt":"2021-12-23T15:30:03","guid":{"rendered":"https:\/\/www.kaspersky.es\/blog\/?p=26609"},"modified":"2022-05-05T12:05:42","modified_gmt":"2022-05-05T10:05:42","slug":"do-we-need-rights-to-be-forgotten","status":"publish","type":"post","link":"https:\/\/www.kaspersky.es\/blog\/do-we-need-rights-to-be-forgotten\/26609\/","title":{"rendered":"Huella digital y privacidad online: \u00bfnecesitamos el derecho al olvido?"},"content":{"rendered":"<p>Cada vez que nos conectamos, construimos. Desarrollamos nuestro conocimiento y conciencia visitando sitios web, creamos nuestra presencia <em>online<\/em> publicando y dando me gusta en las redes sociales y construimos nuestra huella digital a trav\u00e9s de las <em>cookies<\/em>.<\/p>\n<p>Vivir en la era digital ha permitido que muchas personas cosechen los beneficios de tener una presencia <em>online<\/em>, como configurar perfiles en las redes sociales para mantenerse en contacto con amigos, crear una direcci\u00f3n de correo electr\u00f3nico para postularse a trabajos o incluso tener una cuenta para las compras. Con nuestra huella digital creciendo a diario, cada vez m\u00e1s personas encuentran desafiante administrar su identidad <em>online<\/em> y comprender c\u00f3mo el hecho de compartir o dar me gusta a una publicaci\u00f3n puede afectar a su futura carrera o relaci\u00f3n con un ser querido. Esto genera una preocupaci\u00f3n: \u00bfqu\u00e9 nivel de control tenemos sobre nuestra persona <em>online<\/em>?<\/p>\n<h2>Nuestra investigaci\u00f3n<\/h2>\n<p>En los \u00faltimos meses del 2021, Kaspersky ha llevado a cabo una investigaci\u00f3n en 11 pa\u00edses europeos y encuestado a m\u00e1s de 8500 personas con el objetivo de identificar la conciencia y las actitudes de los usuarios de Internet hacia su privacidad <em>online<\/em>. Quer\u00edamos descubrir el nivel de comprensi\u00f3n y el control de las personas sobre lo que publican y hasta qu\u00e9 punto han considerado la idea de cambiar su actividad en las redes sociales. En general, quer\u00edamos saber si necesitamos o deber\u00edamos tener derecho a ser olvidados y lo hicimos agrupando nuestra investigaci\u00f3n en tres secciones.<\/p>\n<p><strong><em>A qu\u00e9 no darle me gusta<\/em><\/strong> mide la comprensi\u00f3n de las personas sobre el impacto potencial tanto positivo como negativo de su actividad <em>online<\/em>, en particular, la publicaci\u00f3n de problemas de polarizaci\u00f3n. Tambi\u00e9n establece en qu\u00e9 medida los diferentes grupos demogr\u00e1ficos consideran que publicar sobre ciertos temas afecta a su opini\u00f3n sobre los dem\u00e1s y sobre ellos mismos. <strong><em>No es lo mejor para el trabajo<\/em><\/strong>\u00a0mide los niveles de conciencia sobre el impacto de la huella digital de una persona en su carrera profesional. Tambi\u00e9n muestra el nivel de control que sienten tener los usuarios sobre sus datos. Finalmente, <strong><em>Licencia para hacer testamento<\/em><\/strong> examina los niveles de incomodidad y preparaci\u00f3n por los que pasa la gente a la hora de a\u00f1adir los datos de inicio de sesi\u00f3n a los testamentos, as\u00ed como lo que sucede con sus datos despu\u00e9s de su muerte.<\/p>\n<p>Nuestra investigaci\u00f3n tambi\u00e9n analiza c\u00f3mo las percepciones sobre la privacidad <em>online<\/em> difieren seg\u00fan el pa\u00eds y la generaci\u00f3n. Por ejemplo, las estad\u00edsticas nos muestran que la Generaci\u00f3n Z es m\u00e1s imprudente cuando se trata de su actividad <em>online<\/em>, ya que muchos expresan arrepentimiento y admiten que han eliminado o deseado eliminar una publicaci\u00f3n. Los resultados tambi\u00e9n muestran un problema frecuente en todas las naciones, ya que la mayor\u00eda de los encuestados desconocen o no est\u00e1n seguros del control que tienen sobre su presencia digital o lo que podr\u00edan hacer si realmente quisieran administrar su personalidad <em>online<\/em> de forma correcta.<\/p>\n<p>Los datos que recopilamos y compilamos son mucho m\u00e1s profundos y espec\u00edficos que todo esto, pero lo que est\u00e1 claro es que existe una brecha de conocimiento y conciencia, especialmente entre los m\u00e1s j\u00f3venes.<\/p>\n<h3>\u00bfExiste el derecho al olvido?<\/h3>\n<p>En todo el mundo, la mayor\u00eda de los pa\u00edses creen en alguna forma de derecho fundamental para la privacidad. Pero \u00bfexiste tambi\u00e9n el derecho al olvido? El espacio digital es opaco y la disparidad entre lo que muchas personas creen saber y lo que realmente saben es enorme. Nuestra misi\u00f3n consiste en construir un mundo digital m\u00e1s seguro, por lo que continuaremos mejorando el nivel de comprensi\u00f3n de las personas sobre el espacio en el que operan a trav\u00e9s de nuestros kits de herramientas y contenido educativo.<\/p>\n<p>Anunciaremos los hallazgos de este estudio hist\u00f3rico a mediados de enero del 2022. \u00a1Permanece atento!<\/p>\n","protected":false},"excerpt":{"rendered":"<p>Vivir en la era digital tiene muchas ventajas, pero cada vez que nos conectamos dejamos un rastro: \u00bfha llegado el momento de reclamar el derecho al olvido?<\/p>\n","protected":false},"author":2706,"featured_media":26610,"comment_status":"closed","ping_status":"closed","sticky":false,"template":"","format":"standard","meta":{"_acf_changed":false,"footnotes":""},"categories":[6,1124],"tags":[1025,1588,220],"class_list":{"0":"post-26609","1":"post","2":"type-post","3":"status-publish","4":"format-standard","5":"has-post-thumbnail","7":"category-news","8":"category-privacy","9":"tag-investigacion","10":"tag-privacicad","11":"tag-privacidad"},"hreflang":[{"hreflang":"es","url":"https:\/\/www.kaspersky.es\/blog\/do-we-need-rights-to-be-forgotten\/26609\/"},{"hreflang":"en-gb","url":"https:\/\/www.kaspersky.co.uk\/blog\/do-we-need-rights-to-be-forgotten\/23968\/"},{"hreflang":"it","url":"https:\/\/www.kaspersky.it\/blog\/do-we-need-rights-to-be-forgotten\/26215\/"},{"hreflang":"fr","url":"https:\/\/www.kaspersky.fr\/blog\/do-we-need-rights-to-be-forgotten\/18319\/"},{"hreflang":"de","url":"https:\/\/www.kaspersky.de\/blog\/do-we-need-rights-to-be-forgotten\/27899\/"},{"hreflang":"nl","url":"https:\/\/www.kaspersky.nl\/blog\/do-we-need-rights-to-be-forgotten\/28031\/"}],"acf":[],"banners":"","maintag":{"url":"https:\/\/www.kaspersky.es\/blog\/tag\/privacicad\/","name":"Privacicad"},"_links":{"self":[{"href":"https:\/\/www.kaspersky.es\/blog\/wp-json\/wp\/v2\/posts\/26609","targetHints":{"allow":["GET"]}}],"collection":[{"href":"https:\/\/www.kaspersky.es\/blog\/wp-json\/wp\/v2\/posts"}],"about":[{"href":"https:\/\/www.kaspersky.es\/blog\/wp-json\/wp\/v2\/types\/post"}],"author":[{"embeddable":true,"href":"https:\/\/www.kaspersky.es\/blog\/wp-json\/wp\/v2\/users\/2706"}],"replies":[{"embeddable":true,"href":"https:\/\/www.kaspersky.es\/blog\/wp-json\/wp\/v2\/comments?post=26609"}],"version-history":[{"count":9,"href":"https:\/\/www.kaspersky.es\/blog\/wp-json\/wp\/v2\/posts\/26609\/revisions"}],"predecessor-version":[{"id":26629,"href":"https:\/\/www.kaspersky.es\/blog\/wp-json\/wp\/v2\/posts\/26609\/revisions\/26629"}],"wp:featuredmedia":[{"embeddable":true,"href":"https:\/\/www.kaspersky.es\/blog\/wp-json\/wp\/v2\/media\/26610"}],"wp:attachment":[{"href":"https:\/\/www.kaspersky.es\/blog\/wp-json\/wp\/v2\/media?parent=26609"}],"wp:term":[{"taxonomy":"category","embeddable":true,"href":"https:\/\/www.kaspersky.es\/blog\/wp-json\/wp\/v2\/categories?post=26609"},{"taxonomy":"post_tag","embeddable":true,"href":"https:\/\/www.kaspersky.es\/blog\/wp-json\/wp\/v2\/tags?post=26609"}],"curies":[{"name":"wp","href":"https:\/\/api.w.org\/{rel}","templated":true}]}}