{"id":28097,"date":"2022-11-28T14:17:32","date_gmt":"2022-11-28T12:17:32","guid":{"rendered":"https:\/\/www.kaspersky.es\/blog\/?p=28097"},"modified":"2022-11-28T14:35:07","modified_gmt":"2022-11-28T12:35:07","slug":"destalk-evento-16-diciembre","status":"publish","type":"post","link":"https:\/\/www.kaspersky.es\/blog\/destalk-evento-16-diciembre\/28097\/","title":{"rendered":"C\u00f3mo abordar la ciberviolencia contra las mujeres &#8211; Proyecto Destalk"},"content":{"rendered":"<p>\u00bfSab\u00edas que Espa\u00f1a es el sexto pa\u00eds de Europa m\u00e1s afectado por el <a href=\"https:\/\/www.kaspersky.es\/blog\/stalkerware-guia-completa\/25502\/?utm_source=kdaily&amp;utm_medium=&amp;utm_campaign=es_internal_as0071&amp;utm_content=link&amp;utm_term=es_kdaily_organic_m71rq8yyuofzobh\" target=\"_blank\" rel=\"noopener\">stalkerware<\/a>?\u00a0\u00a0El r\u00e1pido avance de las tecnolog\u00edas e Internet hace que mujeres y chicas est\u00e9n expuestas a un mayor riesgo de sufrir <a href=\"https:\/\/search.coe.int\/directorate_of_communications\/Pages\/result_details.aspx?ObjectId=0900001680a4a67b\" target=\"_blank\" rel=\"noopener nofollow\">ciberviolencia de g\u00e9nero<\/a>, que incluye tanto la violencia que se ejerce online, como aquella que viene facilitada por el uso de dispositivos tecnol\u00f3gicos.<\/p>\n<p>Internet y las nuevas tecnolog\u00edas pueden contribuir al <a href=\"https:\/\/www.work-with-perpetrators.eu\/fileadmin\/WWP_Network\/redakteure\/Campaign\/2020\/How_To_Cyber_Violence.pdf\" target=\"_blank\" rel=\"noopener nofollow\">control coercitivo<\/a>, especialmente en aquellas relaciones en las que la violencia ya est\u00e1 presente en la realidad cotidiana.<\/p>\n<p><a href=\"https:\/\/twitter.com\/KasperskyES\/status\/1596836322337034240\" target=\"_blank\" rel=\"noopener nofollow\">https:\/\/twitter.com\/KasperskyES\/status\/1596836322337034240<\/a><\/p>\n<p>En Europa, el <a href=\"https:\/\/eige.europa.eu\/news\/cyber-violence-growing-threat-especially-women-and-girls\" target=\"_blank\" rel=\"noopener nofollow\">70%<\/a> de las mujeres que han sufrido stalkerware tambi\u00e9n han sufrido al menos una forma de violencia f\u00edsica o sexual por parte de su pareja.<\/p>\n<p><span style=\"color: #ff0000\"><a style=\"color: #ff0000\" href=\"https:\/\/www.everywhereplus.com\/destalk-registration\/\" target=\"_blank\" rel=\"noopener nofollow\"><strong>Quiero apuntarme al evento online (16 diciembre) <\/strong>\u00a0<strong><em>\u201cAbordando la dimensi\u00f3n digital de la violencia de g\u00e9nero\u201d\u00a0<\/em><\/strong><\/a><\/span><\/p>\n<p>Nuestro \u00faltimo <a href=\"https:\/\/media.kasperskycontenthub.com\/wp-content\/uploads\/sites\/43\/2022\/04\/12075509\/EN_The-State-of-Stalkerware-2021.pdf\">informe<\/a>\u00a0sobre stalkerware muestra que en la Uni\u00f3n Europea, Espa\u00f1a ocupa el sexto puesto de pa\u00edses m\u00e1s afectados por el stalkerware. Adem\u00e1s, en nuestro pa\u00eds, el 24% de personas encuestadas admite haber sufrido alg\u00fan tipo de violencia u hostigamiento por parte de su pareja o expareja utilizando la tecnolog\u00eda, y el 21% sospecha que su pareja les esp\u00eda a trav\u00e9s de una app m\u00f3vil.<\/p>\n<p>Otro dato preocupante es que el 30% de encuestados no ve ning\u00fan problema en controlar a su pareja \u201cbajo determinadas circunstancias\u201d.<\/p>\n<p>Como respuesta la creciente crisis del uso de internet y dispositivos digitales para ejercer violencia contra las mujeres, <a href=\"https:\/\/www.work-with-perpetrators.eu\/destalk\" target=\"_blank\" rel=\"noopener nofollow\">el proyecto DeStalk<\/a>, cofinanciado por el Programa de Derechos, Igualdad y Ciudadan\u00eda de la Uni\u00f3n Europea, ha contribuido a aumentar los conocimientos y la capacidad t\u00e9cnica y los lazos de colaboraci\u00f3n de los profesionales e instituciones relevantes para hacer frente al stalkerware y la ciberviolencia.<\/p>\n<p><a href=\"https:\/\/www.work-with-perpetrators.eu\/destalk\" target=\"_blank\" rel=\"noopener nofollow\"><strong>El proyecto europeo Destalk<\/strong><\/a> del que formamos parte junto a la <a href=\"https:\/\/www.work-with-perpetrators.eu\/\" target=\"_blank\" rel=\"noopener nofollow\">WWP European Network, <\/a>la <a href=\"https:\/\/www.blanquerna.edu\/es\/fcs?gclid=CjwKCAiAjp6BBhAIEiwAkO9WuoCjCZL0RPu_jnIjculrSzATDQoHq_Wad5OZAsgUtLxmrdgZHcQ4AhoCrxAQAvD_BwE\" target=\"_blank\" rel=\"noopener noreferrer nofollow\">Fundaci\u00f3n Blanquerna<\/a>,\u00a0 <a href=\"https:\/\/www.regione.veneto.it\/\" target=\"_blank\" rel=\"noopener noreferrer nofollow\">Regione del Veneto<\/a> y <a href=\"http:\/\/www.unacasaperluomo.it\/\" target=\"_blank\" rel=\"noopener noreferrer nofollow\">Una Casa per l\u2019Uomo<\/a> <strong>ha formado hasta ahora a m\u00e1s de 350 profesionales que trabajan en el \u00e1mbito de la violencia contra las mujeres<\/strong>, ofreci\u00e9ndoles conocimiento y herramientas para el abordaje eficaz del <em>stalkerware<\/em> y otras formas de ciberviolencia de g\u00e9nero.<\/p>\n<p><img loading=\"lazy\" decoding=\"async\" class=\"aligncenter size-full wp-image-28099\" src=\"https:\/\/media.kasperskydaily.com\/wp-content\/uploads\/sites\/88\/2022\/11\/28133447\/destalk.jpg\" alt=\"destalk\" width=\"1000\" height=\"429\"><\/p>\n<p>Dado el gran inter\u00e9s que el proyecto ha despertado en los profesionales, <strong>el 16 de diciembre de 2022 se celebrar\u00e1 un evento<\/strong> <strong>online<\/strong> del proyecto DeStalk <strong><em>\u201cAbordando la dimensi\u00f3n digital de la violencia de g\u00e9nero\u201d<\/em><\/strong> que reunir\u00e1 a expertos de los diferentes \u00e1mbitos para estimular el di\u00e1logo transversal y la cooperaci\u00f3n entre las partes.<\/p>\n<p>Un <strong>panel multidisciplinar compartir\u00e1 su experiencia e interactuar\u00e1 con los asistentes<\/strong>, formado por entidades relacionadas con ciberseguridad, investigaci\u00f3n, autoridades p\u00fablicas y cuerpos de seguridad, expertos en violencia de g\u00e9nero y profesionales de los servicios competentes.<\/p>\n<p>Adem\u00e1s, <strong>los socios del proyecto compartir\u00e1n los resultados<\/strong> de DeStalk, incidiendo en c\u00f3mo los ecosistemas regionales pueden <strong>seguir aplicando la acci\u00f3n e incorporar los resultados en su <\/strong><strong>estrategia local<\/strong> <strong>contra la ciberviolencia.<\/strong><\/p>\n<p><span style=\"color: #ff0000\"><a style=\"color: #ff0000\" href=\"https:\/\/www.everywhereplus.com\/destalk-registration\/\" target=\"_blank\" rel=\"noopener nofollow\"><strong>Quiero apuntarme al evento online (16 diciembre) <\/strong>\u00a0<strong><em>\u201cAbordando la dimensi\u00f3n digital de la violencia de g\u00e9nero\u201d\u00a0<\/em><\/strong><\/a><\/span><\/p>\n<blockquote><p>\u201cEstamos encantados de ver que la formaci\u00f3n DeStalk sobre ciberviolencia y stalkerware se ha desarrollado con \u00e9xito. Este curso, desarrollado junto con nuestros socios expertos en investigaci\u00f3n y educaci\u00f3n, servicios espec\u00edficos para la ciudadan\u00eda y autoridades p\u00fablicas, cubre un vac\u00edo de conocimiento entre los profesionales que trabajan en el \u00e1mbito de la violencia de g\u00e9nero. Dado que la lucha contra la ciberviolencia es de suma importancia, nos gustar\u00eda ayudar a otras organizaciones a replicar el esfuerzo que hemos realizado. Para ello, tenemos el honor de compartir los conocimientos y experiencias del proyecto en la conferencia online DeStalk el 16 de diciembre.\u201d<\/p>\n<cite><p>Christina Jankowski, Directora de Relaciones Externas, Kaspersky<\/p><\/cite><\/blockquote>\n<p>El evento tendr\u00e1 lugar el <strong>viernes 16 de diciembre de 2022 de 9.30 a 12.30 CET<\/strong> en formato online. Se celebrar\u00e1 en ingl\u00e9s y con subt\u00edtulos en ingl\u00e9s. La participaci\u00f3n es gratuita.<br>\nPuedes ver la <a href=\"https:\/\/www.work-with-perpetrators.eu\/fileadmin\/WWP_Network\/redakteure\/Projects\/DeStalk\/DeStalk_FinalEvent_221025_web.pdf\" target=\"_blank\" rel=\"noopener nofollow\">agenda completa del evento<\/a> y puedes inscribirte <a href=\"https:\/\/www.everywhereplus.com\/destalk-registration\/\" target=\"_blank\" rel=\"noopener nofollow\">aqu\u00ed.<\/a><\/p>\n<p><img loading=\"lazy\" decoding=\"async\" class=\"aligncenter size-full wp-image-28108\" src=\"https:\/\/media.kasperskydaily.com\/wp-content\/uploads\/sites\/88\/2022\/11\/28143301\/313004837_5279260135519567_4126726121271854521_n.png\" alt=\"evento destalk\" width=\"1080\" height=\"1080\"><\/p>\n","protected":false},"excerpt":{"rendered":"<p>El proyecto europeo Destalk ha formado a m\u00e1s de 350 profesionales que trabajan en el \u00e1mbito de la violencia contra las mujeres y comparte sus aprendizajes en un evento online. <\/p>\n","protected":false},"author":2706,"featured_media":28105,"comment_status":"closed","ping_status":"closed","sticky":false,"template":"","format":"standard","meta":{"_acf_changed":false,"footnotes":""},"categories":[1324],"tags":[3505,2887],"class_list":{"0":"post-28097","1":"post","2":"type-post","3":"status-publish","4":"format-standard","5":"has-post-thumbnail","7":"category-special-projects","8":"tag-destalk","9":"tag-stalkerware"},"hreflang":[{"hreflang":"es","url":"https:\/\/www.kaspersky.es\/blog\/destalk-evento-16-diciembre\/28097\/"}],"acf":[],"banners":"","maintag":{"url":"https:\/\/www.kaspersky.es\/blog\/tag\/stalkerware\/","name":"stalkerware"},"_links":{"self":[{"href":"https:\/\/www.kaspersky.es\/blog\/wp-json\/wp\/v2\/posts\/28097","targetHints":{"allow":["GET"]}}],"collection":[{"href":"https:\/\/www.kaspersky.es\/blog\/wp-json\/wp\/v2\/posts"}],"about":[{"href":"https:\/\/www.kaspersky.es\/blog\/wp-json\/wp\/v2\/types\/post"}],"author":[{"embeddable":true,"href":"https:\/\/www.kaspersky.es\/blog\/wp-json\/wp\/v2\/users\/2706"}],"replies":[{"embeddable":true,"href":"https:\/\/www.kaspersky.es\/blog\/wp-json\/wp\/v2\/comments?post=28097"}],"version-history":[{"count":10,"href":"https:\/\/www.kaspersky.es\/blog\/wp-json\/wp\/v2\/posts\/28097\/revisions"}],"predecessor-version":[{"id":28110,"href":"https:\/\/www.kaspersky.es\/blog\/wp-json\/wp\/v2\/posts\/28097\/revisions\/28110"}],"wp:featuredmedia":[{"embeddable":true,"href":"https:\/\/www.kaspersky.es\/blog\/wp-json\/wp\/v2\/media\/28105"}],"wp:attachment":[{"href":"https:\/\/www.kaspersky.es\/blog\/wp-json\/wp\/v2\/media?parent=28097"}],"wp:term":[{"taxonomy":"category","embeddable":true,"href":"https:\/\/www.kaspersky.es\/blog\/wp-json\/wp\/v2\/categories?post=28097"},{"taxonomy":"post_tag","embeddable":true,"href":"https:\/\/www.kaspersky.es\/blog\/wp-json\/wp\/v2\/tags?post=28097"}],"curies":[{"name":"wp","href":"https:\/\/api.w.org\/{rel}","templated":true}]}}