{"id":853,"date":"2013-05-21T14:43:19","date_gmt":"2013-05-21T14:43:19","guid":{"rendered":"http:\/\/kasperskydaily.com\/spain\/?p=853"},"modified":"2020-02-26T17:14:01","modified_gmt":"2020-02-26T15:14:01","slug":"privacidad-nula-en-google-io","status":"publish","type":"post","link":"https:\/\/www.kaspersky.es\/blog\/privacidad-nula-en-google-io\/853\/","title":{"rendered":"Privacidad nula en Google I\/O"},"content":{"rendered":"<p>Las <a title=\"Google Glass\" href=\"https:\/\/www.kaspersky.es\/blog\/gafas-de-google-y-la-privacidad\/\" target=\"_blank\" rel=\"noopener\">Google Glass<\/a> fueron una de las principales atracciones durante el congreso organizado por el gigante californiano en San Francisco la semana pasada, Google I\/O. Todos ten\u00edamos la esperanza que Google hablase sobre las preocupaciones relacionadas con la privacidad y su \u00faltimo dispositivo que\u201d todo lo ve\u201d. No obstante, \u00e9ste no fue el caso y los expertos debatieron todo tipo de asuntos desde el \u201cAutoscaling de Java\u201d (sea lo que sea) hasta el indoor mapping. Durante el evento, la \u00fanica menci\u00f3n de un tema tan escabroso estuvo relacionada con la pol\u00edtica de privacidad de Google.<\/p>\n<p><a href=\"https:\/\/media.kasperskydaily.com\/wp-content\/uploads\/sites\/88\/2013\/05\/05231307\/privacy_title_SP.png\"><img loading=\"lazy\" decoding=\"async\" class=\"aligncenter size-full wp-image-854\" alt=\"Privacidad Google I\/O\" src=\"https:\/\/media.kasperskydaily.com\/wp-content\/uploads\/sites\/88\/2013\/05\/05231307\/privacy_title_SP.png\" width=\"640\" height=\"420\"><\/a><\/p>\n<p>En esta edici\u00f3n de Google I\/O, la <a title=\"seguridad inform\u00e1tica\" href=\"http:\/\/www.eugene.kaspersky.es\" target=\"_blank\" rel=\"noopener nofollow\">seguridad inform\u00e1tica <\/a>y la privacidad tuvieron su momento durante la sesi\u00f3n \u201cSeguridad y Privacidad en las Apps de Android\u201d; una charla modesta pero bastante indulgente ahora que hemos dejado de rebuscar en todas las presentaciones para encontrar alg\u00fan rastro de este tema durante el evento.<\/p>\n<p>Afortunadamente, encontramos dos menciones al respecto: una durante una charla informal sobre Google Glass y otra menci\u00f3n puramente anecd\u00f3tica por parte de los jefazos de Google.<\/p>\n<p>Sin sorpresas algunas, el mejor debate sobre la privacidad lo provoc\u00f3 un miembro del p\u00fablico durante la sesi\u00f3n sobre las Google Glass. Seg\u00fan nuestros colegas de Verge, cuando el individuo pregunt\u00f3 al director de producto, Steve Lee, sobre las consecuencias del dispositivo en el \u00e1mbito de la privacidad; Lee rest\u00f3 importancia a tales preocupaciones afirmando que es muy f\u00e1cil saber si alguien te est\u00e1 grabando con las gafas de Google y que siempre se ha tenido en cuenta la privacidad del usuario a la hora de dise\u00f1ar y desarrollar el producto.<\/p>\n<p>Sali\u00e9ndose de la norma, el Congreso de los EE.UU. reflej\u00f3 el sentimiento p\u00fablico en una carta enviada al CEO de Google y cofundador, Larry Page, expresando su preocupaci\u00f3n sobre el impacto del nuevo producto en la privacidad y pidiendo respuestas a algunas preguntas bastante peliagudas. Page debe responder a las cuestiones antes del 14 de julio, explicando de forma clara las consecuencias reales de estas lentes inform\u00e1ticas.<\/p>\n<p>No es justo decir que Google se burla de la privacidad del usuario solo porque no ha organizado ninguna charla o debate al respecto durante la conferencia anual cuyo objetivo es ense\u00f1ar c\u00f3mo optimizar los recursos, las herramientas y dispositivos de Google para realizar aplicaciones y servicios web mejores. Siguiendo con la defensa de Google, la compa\u00f1\u00eda ha recibido excelentes calificaciones en el i<a href=\"https:\/\/www.kaspersky.es\/blog\/informe-de-eff-privacidad-digital-en-ee-uu\/\" target=\"_blank\" rel=\"noopener\">nforme publicado por Electronic Frontier Foundation<\/a>. No obstante, Google est\u00e1, desde hace tiempo, en el punto de mira de los defensores de la privacidad por su tratamiento de los datos de los usuarios. Larry Page habl\u00f3 durante la conferencia a pesar de los problemas de salud que padece, al tener paralizadas las cuerdas vocales tal y como explic\u00f3 en su cuenta de Google +.<\/p>\n<p>No podemos saber si punto de vista sobre la privacidad m\u00e9dica es el reflejo de su postura sobre la privacidad de los datos de los usuarios, pero es interesante comprobar\u00a0 lo abierto que es a la hora de compartir su historial m\u00e9dico.<\/p>\n<p>Aunque es loable que Larry Page compartiera esta informaci\u00f3n con el p\u00fablico, no es lo mismo publicar una dolencia que afecta al habla con exponer informes y detalles m\u00e9dicos que pueden estigmatizar o influir negativamente.<\/p>\n<p>En 1991, el mundo qued\u00f3 sorprendido cuando Magic Jonson anunci\u00f3 p\u00fablicamente que era portador del virus del VIH. Aunque fue un gran paso, debemos tener en cuenta que es una celebridad y uno de los mejores jugadores de baloncesto de la historia. As\u00ed, las reacciones fueron tanto positivas como negativas, pero es cierto que ya se hab\u00eda retirado y no necesitaba trabajar durante el resto de su vida. No todos tenemos esa suerte y muchos usuarios no quieren que una enfermedad pueda afectar negativamente a la hora de realizar una entrevista de trabajo o entrar en una universidad.<\/p>\n<p>Probablemente Google tenga las mejores intenciones con su nuevo dispositivo y, tal vez, Larry Page solo quer\u00eda ser abierto y compartir su historia con el mundo. Pero, tambi\u00e9n es posible que la nueva estrategia de Google sea desviar, minimizar e incluso menospreciar la privacidad hasta que nadie se preocupe por ella: una pol\u00edtica necesaria para cualquier organizaci\u00f3n que ha construido su emporio en base a los datos de los usuarios.<\/p>\n<p>\u00bfQu\u00e9 opin\u00e1is al respecto? En <a title=\"Kaspersky Lab\" href=\"https:\/\/eugene.kaspersky.es\/\" target=\"_blank\" rel=\"noopener\">Kaspersky Lab<\/a> queremos conocer vuestro punto de vista y pod\u00e9is compartirlo con nosotros en los comentarios de este post.<\/p>\n<p>\u00a0<\/p>\n","protected":false},"excerpt":{"rendered":"<p>Las Google Glass fueron una de las principales atracciones durante el congreso organizado por el gigante californiano en San Francisco la semana pasada, Google I\/O. Todos ten\u00edamos la esperanza que<\/p>\n","protected":false},"author":42,"featured_media":851,"comment_status":"open","ping_status":"open","sticky":false,"template":"","format":"standard","meta":{"_acf_changed":false,"footnotes":""},"categories":[6],"tags":[291,339,173],"class_list":{"0":"post-853","1":"post","2":"type-post","3":"status-publish","4":"format-standard","5":"has-post-thumbnail","7":"category-news","8":"tag-google-glass","9":"tag-google-io","10":"tag-privacidad-online"},"hreflang":[{"hreflang":"es","url":"https:\/\/www.kaspersky.es\/blog\/privacidad-nula-en-google-io\/853\/"}],"acf":[],"banners":"","maintag":{"url":"https:\/\/www.kaspersky.es\/blog\/tag\/google-glass\/","name":"Google Glass"},"_links":{"self":[{"href":"https:\/\/www.kaspersky.es\/blog\/wp-json\/wp\/v2\/posts\/853","targetHints":{"allow":["GET"]}}],"collection":[{"href":"https:\/\/www.kaspersky.es\/blog\/wp-json\/wp\/v2\/posts"}],"about":[{"href":"https:\/\/www.kaspersky.es\/blog\/wp-json\/wp\/v2\/types\/post"}],"author":[{"embeddable":true,"href":"https:\/\/www.kaspersky.es\/blog\/wp-json\/wp\/v2\/users\/42"}],"replies":[{"embeddable":true,"href":"https:\/\/www.kaspersky.es\/blog\/wp-json\/wp\/v2\/comments?post=853"}],"version-history":[{"count":2,"href":"https:\/\/www.kaspersky.es\/blog\/wp-json\/wp\/v2\/posts\/853\/revisions"}],"predecessor-version":[{"id":21320,"href":"https:\/\/www.kaspersky.es\/blog\/wp-json\/wp\/v2\/posts\/853\/revisions\/21320"}],"wp:featuredmedia":[{"embeddable":true,"href":"https:\/\/www.kaspersky.es\/blog\/wp-json\/wp\/v2\/media\/851"}],"wp:attachment":[{"href":"https:\/\/www.kaspersky.es\/blog\/wp-json\/wp\/v2\/media?parent=853"}],"wp:term":[{"taxonomy":"category","embeddable":true,"href":"https:\/\/www.kaspersky.es\/blog\/wp-json\/wp\/v2\/categories?post=853"},{"taxonomy":"post_tag","embeddable":true,"href":"https:\/\/www.kaspersky.es\/blog\/wp-json\/wp\/v2\/tags?post=853"}],"curies":[{"name":"wp","href":"https:\/\/api.w.org\/{rel}","templated":true}]}}